{"id":2583,"date":"2021-04-14T12:28:04","date_gmt":"2021-04-14T12:28:04","guid":{"rendered":"http:\/\/neu.kultkom.de\/?p=2583"},"modified":"2021-04-14T13:02:39","modified_gmt":"2021-04-14T13:02:39","slug":"project-list-2","status":"publish","type":"post","link":"https:\/\/www.kultkom.de\/de\/sociocultural-projects\/project-list-2\/","title":{"rendered":"Projektliste"},"content":{"rendered":"<div data-elementor-type=\"wp-post\" data-elementor-id=\"2583\" class=\"elementor elementor-2583\">\n\t\t\t\t\t\t<section class=\"elementor-section elementor-top-section elementor-element elementor-element-ffd9151 elementor-section-boxed elementor-section-height-default elementor-section-height-default\" data-id=\"ffd9151\" data-element_type=\"section\" data-e-type=\"section\">\n\t\t\t\t\t\t<div class=\"elementor-container elementor-column-gap-default\">\n\t\t\t\t\t<div class=\"elementor-column elementor-col-100 elementor-top-column elementor-element elementor-element-ecde1f6\" data-id=\"ecde1f6\" data-element_type=\"column\" data-e-type=\"column\">\n\t\t\t<div class=\"elementor-widget-wrap elementor-element-populated\">\n\t\t\t\t\t\t<div class=\"elementor-element elementor-element-7a9fddf elementor-widget elementor-widget-text-editor\" data-id=\"7a9fddf\" data-element_type=\"widget\" data-e-type=\"widget\" data-widget_type=\"text-editor.default\">\n\t\t\t\t<div class=\"elementor-widget-container\">\n\t\t\t\t\t\t\t\t\t<p style=\"text-align: left;\"><strong><span style=\"color: #000000;\">Bildungsnetzwerk \"S\u00fcdliche Friedrichstadt nach vorn!\" im Bezirk Friedrichshain-Kreuzberg<\/span><span style=\"color: #000000;\"> Ber<\/span><span style=\"color: #000000;\">lin<\/span><span style=\"color: #000000;\"> | seit 2013<\/span><\/strong><br \/><span style=\"color: #000000;\">Konzeptentwicklung, Prozessmoderation, Veranstaltungsorganisation und Kleinst- und Mikroprojekte mit Schwerpunkt auf Bildungspartnerschaften und ganzheitlicher Gesundheitsf\u00f6rderung - im Auftrag der AWO-Spree-Wuhle e.V. und Nestw\u00e4rme<\/span><span style=\"color: #000000;\"> e.<\/span><span style=\"color: #000000;\">V.<\/span><\/p><p style=\"text-align: left;\"><strong><span style=\"color: #000000;\">KulturLese im Rahmen der Kreuzberger HofFestSpiele| 2020<\/span><\/strong><br \/><span style=\"color: #000000;\">Denkwerkst\u00e4tten zum Thema Gemeinschaft, Kultur und Mitgestaltung. In Kooperation mit Expedition Metropolis, Rosa-Parks-Grundschule, Jugendamt Friedrichshain Kreuzberg, Abt. KBE und der Netzwerkstelle Reichenberger Kiez.<\/span><\/p><p style=\"text-align: left;\"><span style=\"color: #000000;\"><strong>Programmkoordination f\u00fcr Stadtkultur und Vernetzung | 2015-2017<\/strong>\u00a0\u00a0\u00a0\u00a0\u00a0\u00a0\u00a0\u00a0\u00a0\u00a0\u00a0\u00a0\u00a0\u00a0\u00a0\u00a0\u00a0\u00a0\u00a0\u00a0\u00a0\u00a0\u00a0\u00a0\u00a0\u00a0\u00a0\u00a0\u00a0\u00a0\u00a0\u00a0\u00a0\u00a0\u00a0\u00a0\u00a0\u00a0\u00a0\u00a0\u00a0\u00a0\u00a0\u00a0\u00a0\u00a0\u00a0\u00a0\u00a0\u00a0\u00a0\u00a0\u00a0\u00a0\u00a0\u00a0\u00a0\u00a0\u00a0\u00a0\u00a0 \u00a0 \u00a0 \u00a0 \u00a0 \u00a0 \u00a0 \u00a0 \u00a0 \u00a0\u00a0 Konzeptentwicklung, Planung und Umsetzung verschiedener Projektformate zum Thema st\u00e4dtische Entwicklung und kulturelle und k\u00fcnstlerische Potenziale im Bezirk Mitte, Sichtbarmachung von Ressourcen - im Auftrag des Fachbereiches Kunst und Kultur des Bezirkamts Mitte finanziert durch \"Netzwerkfond - Soziale Stadt\"<\/span><\/p><p style=\"text-align: left;\"><span style=\"color: #000000;\"><strong>Talente-Diplom | 2013 &#8211; 2017<\/strong> \u00a0\u00a0\u00a0\u00a0\u00a0\u00a0\u00a0\u00a0\u00a0\u00a0\u00a0\u00a0\u00a0\u00a0\u00a0\u00a0\u00a0\u00a0\u00a0\u00a0\u00a0\u00a0\u00a0\u00a0\u00a0\u00a0\u00a0\u00a0\u00a0\u00a0\u00a0\u00a0\u00a0\u00a0\u00a0\u00a0\u00a0\u00a0\u00a0\u00a0\u00a0\u00a0\u00a0\u00a0\u00a0\u00a0\u00a0\u00a0\u00a0\u00a0\u00a0\u00a0\u00a0\u00a0\u00a0\u00a0\u00a0\u00a0\u00a0\u00a0\u00a0\u00a0\u00a0\u00a0\u00a0\u00a0\u00a0\u00a0\u00a0\u00a0\u00a0\u00a0\u00a0\u00a0\u00a0\u00a0\u00a0\u00a0\u00a0\u00a0\u00a0\u00a0\u00a0\u00a0\u00a0\u00a0\u00a0\u00a0\u00a0\u00a0\u00a0\u00a0\u00a0\u00a0\u00a0\u00a0\u00a0\u00a0\u00a0\u00a0\u00a0\u00a0\u00a0 \u00a0 \u00a0 \u00a0 \u00a0 \u00a0 \u00a0 \u00a0 \u00a0 \u00a0 \u00a0 \u00a0 \u00a0 \u00a0 \u00a0 \u00a0 \u00a0 \u00a0 \u00a0 \u00a0 \u00a0 \u00a0 \u00a0 \u00a0 \u00a0 \u00a0\u00a0\u00a0\u00a0\u00a0\u00a0\u00a0\u00a0\u00a0 Konzeptentwicklung, Prozessmoderation, Veranstaltungsorganisation mit Schwerpunkt auf Lesen und Sprechen - im Auftrag von Kulturkontakte e.V. und dem Bezirksamt Friedrichshain-Kreuzberg (Jugendamt) - finanziert durch Kultur macht Stark - B\u00fcndnisse f\u00fcr Bildung - Brosch\u00fcre Talente-Diplom<\/span><\/p><p style=\"text-align: left;\"><strong><span style=\"color: #000000;\">Lerngemeinschaft Reichenberger Kiez | 2011-2013<\/span><\/strong><br \/><span style=\"color: #000000;\">Prozessmoderation und Netzwerkaufbau bzw. -erweiterung - im Auftrag des Nachbarschaftshauses Centrum e.V. \u2013 Mehrgenerationenhaus<\/span><\/p><p style=\"text-align: left;\"><span style=\"color: #000000;\"><strong>Bildungswegbegleiter &#8211; a book for parents | 2009-2012<\/strong> \u00a0\u00a0\u00a0\u00a0\u00a0\u00a0\u00a0\u00a0\u00a0\u00a0\u00a0\u00a0\u00a0\u00a0\u00a0\u00a0\u00a0\u00a0\u00a0\u00a0\u00a0\u00a0\u00a0\u00a0\u00a0\u00a0\u00a0\u00a0\u00a0\u00a0\u00a0\u00a0\u00a0\u00a0\u00a0\u00a0\u00a0\u00a0\u00a0\u00a0\u00a0\u00a0\u00a0\u00a0\u00a0\u00a0\u00a0\u00a0\u00a0\u00a0\u00a0\u00a0\u00a0\u00a0\u00a0\u00a0\u00a0\u00a0\u00a0\u00a0\u00a0\u00a0\u00a0\u00a0\u00a0\u00a0\u00a0\u00a0\u00a0\u00a0\u00a0\u00a0\u00a0\u00a0\u00a0\u00a0\u00a0\u00a0\u00a0\u00a0\u00a0\u00a0\u00a0\u00a0\u00a0\u00a0\u00a0\u00a0\u00a0\u00a0\u00a0\u00a0\u00a0\u00a0\u00a0\u00a0\u00a0\u00a0\u00a0\u00a0\u00a0\u00a0\u00a0\u00a0\u00a0\u00a0\u00a0\u00a0\u00a0\u00a0\u00a0\u00a0 Konzeptentwicklung und Erarbeitung eines auf Early-Excellence und der Einbeziehung von Familien bezogenen Arbeitsbuches f\u00fcr Eltern und P\u00e4dagoginnen - in Zusammenarbeit mit Petra Wagner, Sandra Richter - Kinderwelten, Jana Hunold - Jugendamt des Bezirkes Friedrichshain-Kreuzberg, Christiane B\u00f6r\u00fchan -AWO-Spree-Wuhle e.V. -  Bildungswegbegleiter - ein Elternbuch<\/span><\/p><p style=\"text-align: left;\"><span style=\"color: #000000;\"><strong>Initiative \"Wrangelkiez macht Schule\" zur Verbesserung der Bildungssituation von Kindern im Bezirk Friedrichshain-Kreuzberg in Berlin | 2001-2012\u00a0\u00a0\u00a0\u00a0\u00a0\u00a0\u00a0\u00a0\u00a0\u00a0\u00a0\u00a0\u00a0\u00a0\u00a0\u00a0\u00a0\u00a0\u00a0\u00a0\u00a0<\/strong>\u00a0\u00a0\u00a0\u00a0\u00a0\u00a0\u00a0\u00a0\u00a0\u00a0\u00a0\u00a0\u00a0\u00a0\u00a0\u00a0\u00a0\u00a0\u00a0\u00a0\u00a0\u00a0\u00a0\u00a0\u00a0\u00a0\u00a0\u00a0\u00a0\u00a0\u00a0\u00a0\u00a0\u00a0\u00a0\u00a0\u00a0\u00a0\u00a0\u00a0\u00a0\u00a0\u00a0\u00a0\u00a0\u00a0\u00a0\u00a0\u00a0\u00a0\u00a0\u00a0\u00a0\u00a0\u00a0\u00a0\u00a0\u00a0\u00a0\u00a0\u00a0\u00a0\u00a0\u00a0\u00a0\u00a0\u00a0\u00a0\u00a0\u00a0\u00a0\u00a0\u00a0\u00a0\u00a0\u00a0\u00a0\u00a0\u00a0\u00a0\u00a0\u00a0\u00a0\u00a0\u00a0\u00a0\u00a0\u00a0\u00a0\u00a0\u00a0\u00a0\u00a0\u00a0\u00a0\u00a0\u00a0\u00a0\u00a0\u00a0\u00a0\u00a0\u00a0\u00a0\u00a0\u00a0\u00a0\u00a0\u00a0\u00a0\u00a0\u00a0\u00a0\u00a0\u00a0\u00a0\u00a0\u00a0\u00a0\u00a0\u00a0\u00a0\u00a0\u00a0\u00a0\u00a0\u00a0\u00a0\u00a0\u00a0\u00a0\u00a0\u00a0\u00a0\u00a0\u00a0\u00a0\u00a0\u00a0\u00a0\u00a0\u00a0\u00a0\u00a0\u00a0\u00a0\u00a0\u00a0\u00a0\u00a0\u00a0\u00a0\u00a0\u00a0\u00a0\u00a0\u00a0\u00a0\u00a0\u00a0\u00a0\u00a0\u00a0\u00a0\u00a0\u00a0 Verbesserung der \u00d6ffentlichkeitsarbeit und Veranstaltungen f\u00fcr die Bildungsinitiative f\u00fcr das \"Quartiersmanagement\". Fortf\u00fchrung der Prozessdarstellung mit dem Schwerpunkt (u.a.) der Einbeziehung von Familien, im Auftrag des Jugendamtes Friedrichshain-Kreuzberg und des Nachbarschaftshaus Centrum e.V. - Mehrgenerationenhaus. Veranstaltungsorganisation, Dokumentation und PR f\u00fcr das Quartiersmanagement Wrangelkiez und in Kooperation mit der Servicestelle \"Ganzt\u00e4gig Lernen Berlin\"<\/span><\/p><p style=\"text-align: left;\"><span style=\"color: #000000;\"><b>Masterplan Bildung im Stadtteil Marzahn NordWest von Berlin | 2006<\/b>\u00a0\u00a0\u00a0\u00a0\u00a0\u00a0\u00a0\u00a0\u00a0\u00a0\u00a0\u00a0\u00a0\u00a0\u00a0\u00a0\u00a0\u00a0\u00a0\u00a0\u00a0\u00a0\u00a0\u00a0\u00a0\u00a0\u00a0\u00a0\u00a0\u00a0\u00a0\u00a0\u00a0\u00a0\u00a0\u00a0\u00a0\u00a0\u00a0\u00a0\u00a0\u00a0\u00a0\u00a0\u00a0\u00a0\u00a0\u00a0\u00a0\u00a0\u00a0\u00a0\u00a0\u00a0\u00a0\u00a0\u00a0\u00a0\u00a0\u00a0\u00a0\u00a0\u00a0\u00a0\u00a0\u00a0\u00a0\u00a0\u00a0 Weiterf\u00fchrung der Prozessmoderation im Auftrag der Quartiersagentur Marzahn NordWest<\/span><\/p><p style=\"text-align: left;\"><span style=\"color: #000000;\"><b>Typisch - respect your neighbourhood!\" - Lokaler Aktionsplan f\u00fcr Toleranz und Demokratie | 2001-2004<\/b>\u00a0\u00a0\u00a0\u00a0\u00a0\u00a0\u00a0\u00a0\u00a0\u00a0\u00a0\u00a0\u00a0\u00a0\u00a0\u00a0\u00a0\u00a0\u00a0\u00a0\u00a0\u00a0\u00a0\u00a0\u00a0\u00a0\u00a0\u00a0\u00a0\u00a0\u00a0\u00a0\u00a0\u00a0\u00a0\u00a0\u00a0\u00a0\u00a0\u00a0\u00a0\u00a0\u00a0\u00a0\u00a0\u00a0\u00a0\u00a0\u00a0\u00a0\u00a0\u00a0\u00a0\u00a0\u00a0\u00a0\u00a0\u00a0\u00a0\u00a0\u00a0\u00a0\u00a0\u00a0\u00a0\u00a0\u00a0\u00a0\u00a0\u00a0\u00a0\u00a0\u00a0\u00a0\u00a0\u00a0\u00a0\u00a0\u00a0\u00a0\u00a0\u00a0\u00a0\u00a0\u00a0\u00a0\u00a0\u00a0\u00a0\u00a0\u00a0\u00a0\u00a0\u00a0\u00a0\u00a0\u00a0\u00a0\u00a0\u00a0\u00a0\u00a0\u00a0\u00a0\u00a0\u00a0\u00a0\u00a0\u00a0\u00a0\u00a0\u00a0\u00a0\u00a0\u00a0\u00a0\u00a0\u00a0\u00a0\u00a0\u00a0\u00a0\u00a0\u00a0\u00a0\u00a0\u00a0\u00a0\u00a0\u00a0\u00a0\u00a0\u00a0\u00a0\u00a0\u00a0\u00a0\u00a0\u00a0\u00a0\u00a0\u00a0\u00a0\u00a0\u00a0\u00a0\u00a0\u00a0\u00a0\u00a0\u00a0\u00a0\u00a0\u00a0\u00a0\u00a0\u00a0\u00a0\u00a0\u00a0\u00a0\u00a0\u00a0\u00a0\u00a0\u00a0\u00a0\u00a0\u00a0\u00a0\u00a0\u00a0\u00a0\u00a0\u00a0\u00a0\u00a0\u00a0\u00a0\u00a0\u00a0\u00a0\u00a0\u00a0\u00a0\u00a0\u00a0\u00a0\u00a0\u00a0\u00a0\u00a0\u00a0\u00a0\u00a0\u00a0 Konzept, Projektmanagement, Finanzierung und PR im Auftrag der Bezirke Pankow und Friedrichshain-Kreuzberg von Berlin und dem Bmfsfj<\/span><\/p><p style=\"text-align: left;\"><span style=\"color: #000000;\"><b>MARZAHN 2002 - Zukunftswettbewerb f\u00fcr Kinder und Jugendliche | 1998\u00a0<\/b>\u00a0\u00a0\u00a0\u00a0\u00a0\u00a0\u00a0\u00a0\u00a0\u00a0\u00a0\u00a0\u00a0\u00a0\u00a0\u00a0\u00a0\u00a0\u00a0\u00a0\u00a0\u00a0\u00a0\u00a0\u00a0\u00a0\u00a0\u00a0\u00a0\u00a0\u00a0\u00a0\u00a0\u00a0\u00a0\u00a0\u00a0\u00a0\u00a0\u00a0\u00a0\u00a0\u00a0\u00a0\u00a0\u00a0\u00a0\u00a0\u00a0\u00a0\u00a0\u00a0\u00a0\u00a0\u00a0\u00a0\u00a0\u00a0\u00a0\u00a0\u00a0\u00a0\u00a0\u00a0\u00a0\u00a0\u00a0\u00a0\u00a0\u00a0\u00a0\u00a0\u00a0\u00a0\u00a0\u00a0 Konzept, Organisation, Durchf\u00fchrung, PR und Begleitung der Umsetzung im Auftrag der WBG Marzahn<\/span><\/p>\t\t\t\t\t\t\t\t<\/div>\n\t\t\t\t<\/div>\n\t\t\t\t\t<\/div>\n\t\t<\/div>\n\t\t\t\t\t<\/div>\n\t\t<\/section>\n\t\t\t\t<section class=\"elementor-section elementor-top-section elementor-element elementor-element-9cf1cfc elementor-section-boxed elementor-section-height-default elementor-section-height-default\" data-id=\"9cf1cfc\" data-element_type=\"section\" data-e-type=\"section\">\n\t\t\t\t\t\t<div class=\"elementor-container elementor-column-gap-default\">\n\t\t\t\t\t<div class=\"elementor-column elementor-col-100 elementor-top-column elementor-element elementor-element-7aa8256\" data-id=\"7aa8256\" data-element_type=\"column\" data-e-type=\"column\">\n\t\t\t<div class=\"elementor-widget-wrap elementor-element-populated\">\n\t\t\t\t\t\t<div class=\"elementor-element elementor-element-fe9bfb3 elementor-arrows-position-inside elementor-pagination-position-outside elementor-widget elementor-widget-image-carousel\" data-id=\"fe9bfb3\" data-element_type=\"widget\" data-e-type=\"widget\" data-settings=\"{&quot;navigation&quot;:&quot;both&quot;,&quot;autoplay&quot;:&quot;yes&quot;,&quot;pause_on_hover&quot;:&quot;yes&quot;,&quot;pause_on_interaction&quot;:&quot;yes&quot;,&quot;autoplay_speed&quot;:5000,&quot;infinite&quot;:&quot;yes&quot;,&quot;speed&quot;:500}\" data-widget_type=\"image-carousel.default\">\n\t\t\t\t<div class=\"elementor-widget-container\">\n\t\t\t\t\t\t\t<div class=\"elementor-image-carousel-wrapper swiper\" role=\"region\" aria-roledescription=\"carousel\" aria-label=\"Image Carousel\" dir=\"ltr\">\n\t\t\t<div class=\"elementor-image-carousel swiper-wrapper\" aria-live=\"off\">\n\t\t\t\t\t\t\t\t<div class=\"swiper-slide\" role=\"group\" aria-roledescription=\"slide\" aria-label=\"1 of 3\"><figure class=\"swiper-slide-inner\"><img decoding=\"async\" class=\"swiper-slide-image\" src=\"https:\/\/www.kultkom.de\/wp-content\/uploads\/2021\/04\/Animation-Film-225x300.jpg\" alt=\"Talente Diplom\" \/><\/figure><\/div><div class=\"swiper-slide\" role=\"group\" aria-roledescription=\"slide\" aria-label=\"2 of 3\"><figure class=\"swiper-slide-inner\"><img decoding=\"async\" class=\"swiper-slide-image\" src=\"https:\/\/www.kultkom.de\/wp-content\/uploads\/2021\/04\/Talente-Diplom-1-300x225.jpg\" alt=\"Talente Diplom\" \/><\/figure><\/div><div class=\"swiper-slide\" role=\"group\" aria-roledescription=\"slide\" aria-label=\"3 of 3\"><figure class=\"swiper-slide-inner\"><img decoding=\"async\" class=\"swiper-slide-image\" src=\"https:\/\/www.kultkom.de\/wp-content\/uploads\/2021\/04\/Marzahn.jpg\" alt=\"Marzahn Nord West\" \/><\/figure><\/div>\t\t\t<\/div>\n\t\t\t\t\t\t\t\t\t\t\t\t<div class=\"elementor-swiper-button elementor-swiper-button-prev\" role=\"button\" tabindex=\"0\">\n\t\t\t\t\t\t<i aria-hidden=\"true\" class=\"eicon-chevron-left\"><\/i>\t\t\t\t\t<\/div>\n\t\t\t\t\t<div class=\"elementor-swiper-button elementor-swiper-button-next\" role=\"button\" tabindex=\"0\">\n\t\t\t\t\t\t<i aria-hidden=\"true\" class=\"eicon-chevron-right\"><\/i>\t\t\t\t\t<\/div>\n\t\t\t\t\n\t\t\t\t\t\t\t\t\t<div class=\"swiper-pagination\"><\/div>\n\t\t\t\t\t\t\t\t\t<\/div>\n\t\t\t\t\t\t<\/div>\n\t\t\t\t<\/div>\n\t\t\t\t\t<\/div>\n\t\t<\/div>\n\t\t\t\t\t<\/div>\n\t\t<\/section>\n\t\t\t\t<\/div>","protected":false},"excerpt":{"rendered":"<p>Educational network &#8220;S\u00fcdliche Friedrichstadt nach vorn!&#8221; in the district of Friedrichshain-Kreuzberg of Berlin | since 2013Concept development, process facilitation, event organization and micro and small projects with a focus on educational partnerships and holistic health promotion &#8211; on behalf of AWO-Spree-Wuhle e.V. and Nestw\u00e4rme e.V. KulturLese in the context of the Kreuzberger HofFestSpiele| 2020Thinking workshops [&hellip;]<\/p>\n","protected":false},"author":1,"featured_media":2591,"comment_status":"closed","ping_status":"open","sticky":false,"template":"","format":"standard","meta":{"site-sidebar-layout":"default","site-content-layout":"default","ast-site-content-layout":"default","site-content-style":"default","site-sidebar-style":"default","ast-global-header-display":"","ast-banner-title-visibility":"","ast-main-header-display":"","ast-hfb-above-header-display":"","ast-hfb-below-header-display":"","ast-hfb-mobile-header-display":"","site-post-title":"","ast-breadcrumbs-content":"","ast-featured-img":"","footer-sml-layout":"","ast-disable-related-posts":"","theme-transparent-header-meta":"default","adv-header-id-meta":"","stick-header-meta":"","header-above-stick-meta":"","header-main-stick-meta":"","header-below-stick-meta":"","astra-migrate-meta-layouts":"default","ast-page-background-enabled":"default","ast-page-background-meta":{"desktop":{"background-color":"","background-image":"","background-repeat":"repeat","background-position":"center center","background-size":"auto","background-attachment":"scroll","background-type":"","background-media":"","overlay-type":"","overlay-color":"","overlay-opacity":"","overlay-gradient":""},"tablet":{"background-color":"","background-image":"","background-repeat":"repeat","background-position":"center center","background-size":"auto","background-attachment":"scroll","background-type":"","background-media":"","overlay-type":"","overlay-color":"","overlay-opacity":"","overlay-gradient":""},"mobile":{"background-color":"","background-image":"","background-repeat":"repeat","background-position":"center center","background-size":"auto","background-attachment":"scroll","background-type":"","background-media":"","overlay-type":"","overlay-color":"","overlay-opacity":"","overlay-gradient":""}},"ast-content-background-meta":{"desktop":{"background-color":"var(--ast-global-color-5)","background-image":"","background-repeat":"repeat","background-position":"center center","background-size":"auto","background-attachment":"scroll","background-type":"","background-media":"","overlay-type":"","overlay-color":"","overlay-opacity":"","overlay-gradient":""},"tablet":{"background-color":"var(--ast-global-color-5)","background-image":"","background-repeat":"repeat","background-position":"center center","background-size":"auto","background-attachment":"scroll","background-type":"","background-media":"","overlay-type":"","overlay-color":"","overlay-opacity":"","overlay-gradient":""},"mobile":{"background-color":"var(--ast-global-color-5)","background-image":"","background-repeat":"repeat","background-position":"center center","background-size":"auto","background-attachment":"scroll","background-type":"","background-media":"","overlay-type":"","overlay-color":"","overlay-opacity":"","overlay-gradient":""}},"footnotes":""},"categories":[8],"tags":[],"class_list":["post-2583","post","type-post","status-publish","format-standard","has-post-thumbnail","hentry","category-sociocultural-projects"],"rttpg_featured_image_url":{"full":["https:\/\/www.kultkom.de\/wp-content\/uploads\/2021\/04\/NEU_Kulturlese.jpg",1024,768,false],"landscape":["https:\/\/www.kultkom.de\/wp-content\/uploads\/2021\/04\/NEU_Kulturlese.jpg",1024,768,false],"portraits":["https:\/\/www.kultkom.de\/wp-content\/uploads\/2021\/04\/NEU_Kulturlese.jpg",1024,768,false],"thumbnail":["https:\/\/www.kultkom.de\/wp-content\/uploads\/2021\/04\/NEU_Kulturlese-150x150.jpg",150,150,true],"medium":["https:\/\/www.kultkom.de\/wp-content\/uploads\/2021\/04\/NEU_Kulturlese-300x225.jpg",300,225,true],"large":["https:\/\/www.kultkom.de\/wp-content\/uploads\/2021\/04\/NEU_Kulturlese.jpg",1024,768,false],"1536x1536":["https:\/\/www.kultkom.de\/wp-content\/uploads\/2021\/04\/NEU_Kulturlese.jpg",1024,768,false],"2048x2048":["https:\/\/www.kultkom.de\/wp-content\/uploads\/2021\/04\/NEU_Kulturlese.jpg",1024,768,false],"trp-custom-language-flag":["https:\/\/www.kultkom.de\/wp-content\/uploads\/2021\/04\/NEU_Kulturlese-16x12.jpg",16,12,true]},"rttpg_author":{"display_name":"admin","author_link":"https:\/\/www.kultkom.de\/de\/author\/admin\/"},"rttpg_comment":0,"rttpg_category":"<a href=\"https:\/\/www.kultkom.de\/de\/category\/sociocultural-projects\/\" rel=\"category tag\">Socioculture<\/a>","rttpg_excerpt":"Educational network &#8220;S\u00fcdliche Friedrichstadt nach vorn!&#8221; in the district of Friedrichshain-Kreuzberg of Berlin | since 2013Concept development, process facilitation, event organization and micro and small projects with a focus on educational partnerships and holistic health promotion &#8211; on behalf of AWO-Spree-Wuhle e.V. and Nestw\u00e4rme e.V. KulturLese in the context of the Kreuzberger HofFestSpiele| 2020Thinking workshops&hellip;","_links":{"self":[{"href":"https:\/\/www.kultkom.de\/de\/wp-json\/wp\/v2\/posts\/2583","targetHints":{"allow":["GET"]}}],"collection":[{"href":"https:\/\/www.kultkom.de\/de\/wp-json\/wp\/v2\/posts"}],"about":[{"href":"https:\/\/www.kultkom.de\/de\/wp-json\/wp\/v2\/types\/post"}],"author":[{"embeddable":true,"href":"https:\/\/www.kultkom.de\/de\/wp-json\/wp\/v2\/users\/1"}],"replies":[{"embeddable":true,"href":"https:\/\/www.kultkom.de\/de\/wp-json\/wp\/v2\/comments?post=2583"}],"version-history":[{"count":19,"href":"https:\/\/www.kultkom.de\/de\/wp-json\/wp\/v2\/posts\/2583\/revisions"}],"predecessor-version":[{"id":2607,"href":"https:\/\/www.kultkom.de\/de\/wp-json\/wp\/v2\/posts\/2583\/revisions\/2607"}],"wp:featuredmedia":[{"embeddable":true,"href":"https:\/\/www.kultkom.de\/de\/wp-json\/wp\/v2\/media\/2591"}],"wp:attachment":[{"href":"https:\/\/www.kultkom.de\/de\/wp-json\/wp\/v2\/media?parent=2583"}],"wp:term":[{"taxonomy":"category","embeddable":true,"href":"https:\/\/www.kultkom.de\/de\/wp-json\/wp\/v2\/categories?post=2583"},{"taxonomy":"post_tag","embeddable":true,"href":"https:\/\/www.kultkom.de\/de\/wp-json\/wp\/v2\/tags?post=2583"}],"curies":[{"name":"wp","href":"https:\/\/api.w.org\/{rel}","templated":true}]}}